{"id":2973,"date":"2023-04-04T11:18:30","date_gmt":"2023-04-04T09:18:30","guid":{"rendered":"https:\/\/www.asmonlus.it\/?p=2973"},"modified":"2023-04-04T11:18:30","modified_gmt":"2023-04-04T09:18:30","slug":"sboccia-in-musica-allumanitaria-la-primavera-della-solidarieta-di-asm","status":"publish","type":"post","link":"https:\/\/asmonlus.it\/index.php\/2023\/04\/04\/sboccia-in-musica-allumanitaria-la-primavera-della-solidarieta-di-asm\/","title":{"rendered":"Sboccia in musica all\u2019Umanitaria la primavera della solidariet\u00e0 di ASM"},"content":{"rendered":"<p>I commenti entusiastici dei partecipanti sono stati, ancora pi\u00f9 dell\u2019ottimo risultato in termini di raccolta fondi, la soddisfazione pi\u00f9 grande per il Presidente di ASM Marinella Di Capua e per tutto lo staff della nostra Associazione, che hanno organizzato nei minimi dettagli la<strong> \u201cFesta di Primavera\u201d svoltasi lo scorso 29 marzo nella storica e suggestiva cornice del Salone degli Affreschi della Societ\u00e0 Umanitaria di Milano.<\/strong><\/p>\n<p>La benemerita istituzione meneghina ha ancora una volta dato il massimo supporto ad ASM con i propri prestigiosi spazi e con la collaborazione del proprio personale. Come \u00e8 nella tradizione dei nostri eventi, la buona cucina e la musica si sono unite per una serata che ha lasciato il segno.<\/p>\n<p>Dopo una ricca cena a buffet preceduta da un raffinato aperitivo, <strong>gli ospiti hanno potuto assistere al trascinante spettacolo della talentuosa e apprezzata violinista-performer Saule Kilaite, che ha reinterpretato in modo originale e coinvolgente brani di musica classica e di musica popolare, affiancata in alcune fasi dalla ballerina Elena Lago. <\/strong><\/p>\n<p>Travolgente il successo riscosso dall\u2019esibizione, che ha rappresentato il momento culminante di un evento di grande fascino e di indubbia classe, <strong>nuova e importante tappa del percorso che porta ad una tutela sempre pi\u00f9 efficace della salute dei neonati pi\u00f9 fragili. <\/strong><\/p>\n<p><strong>Scopo dell\u2019iniziativa \u00e8 stato infatti l\u2019acquisto di un monitor multiparametrico, necessario per seguire il decorso postoperatorio dei neonati che hanno sub\u00ecto interventi chirurgici. <\/strong><\/p>\n<p>E ASM ritiene che la difesa della salute dei bambini pi\u00f9 fragili sia una missione senza confini: <strong>per questo ha deciso di destinare il prezioso apparecchio all\u2019ospedale di Yerevan, la capitale dell\u2019Armenia.<\/strong><\/p>\n<p>Un Paese che, come ha spiegato il Presidente di ASM e della Fondazione ASM per la Salute dell\u2019Infanzia nel proprio intervento, sta vivendo un delicato momento storico, con inevitabili risvolti anche sull\u2019assistenza alle gestanti e ai loro neonati, per i quali le forniture di supporti medicali potrebbero diventare pi\u00f9 complicate.<\/p>\n<p>Il Professor Domenico Arduini, Presidente del nostro Comitato Scientifico e di recente nominato Ambasciatore dell\u2019Ordine di Malta in Armenia, nel suo saluto agli ospiti ha sottolineato che <strong>l\u2019Armenia \u00e8 un Paese culturalmente molto vicino all\u2019Europa, con professionalit\u00e0 mediche elevate alle quali occorre un adeguato sostegno tecnologico.<\/strong><\/p>\n<p>E ha evidenziato che sono stati avviati gi\u00e0 sei progetti nell\u2019area ostetrica e neonatale in collaborazione con le istituzioni armene.<\/p>\n<p><img loading=\"lazy\" decoding=\"async\" class=\"alignnone wp-image-2974 size-full\" src=\"http:\/\/asmonlus.it\/wp-content\/uploads\/2023\/04\/CENAUMANITARIA23FOTO1-min-scaled.jpg\" alt=\"\" width=\"2560\" height=\"1707\" srcset=\"https:\/\/asmonlus.it\/wp-content\/uploads\/2023\/04\/CENAUMANITARIA23FOTO1-min-scaled.jpg 2560w, https:\/\/asmonlus.it\/wp-content\/uploads\/2023\/04\/CENAUMANITARIA23FOTO1-min-300x200.jpg 300w, https:\/\/asmonlus.it\/wp-content\/uploads\/2023\/04\/CENAUMANITARIA23FOTO1-min-1030x687.jpg 1030w, https:\/\/asmonlus.it\/wp-content\/uploads\/2023\/04\/CENAUMANITARIA23FOTO1-min-768x512.jpg 768w, https:\/\/asmonlus.it\/wp-content\/uploads\/2023\/04\/CENAUMANITARIA23FOTO1-min-1536x1024.jpg 1536w, https:\/\/asmonlus.it\/wp-content\/uploads\/2023\/04\/CENAUMANITARIA23FOTO1-min-2048x1366.jpg 2048w, https:\/\/asmonlus.it\/wp-content\/uploads\/2023\/04\/CENAUMANITARIA23FOTO1-min-1500x1000.jpg 1500w, https:\/\/asmonlus.it\/wp-content\/uploads\/2023\/04\/CENAUMANITARIA23FOTO1-min-705x470.jpg 705w\" sizes=\"(max-width: 2560px) 100vw, 2560px\" \/><\/p>\n<p style=\"text-align: center;\"><em>La serata ha avuto una dimensione internazionale: da sinistra, il Presidente del Comitato Scientifico e Ambasciatore <\/em><em>dell\u2019Ordine di Malta in Armenia Domenico Arduini, il Presidente di ASM e della Fondazione ASM Marinella Di Capua, il Primo Segretario d\u2019Ambasciata Elena Portinaro, e Victoria Poghosyan, Terzo Segretario dell\u2019Ambasciata d\u2019Armenia presso la Santa Sede<\/em><\/p>\n<hr \/>\n<p>A coronamento della riuscita serata, la grande richiesta da parte dei partecipanti per le Uova di Pasqua che adornavano le tavole ed il palco, anch\u2019esse destinate alla raccolta di fondi per il fine solidale dell\u2019evento.<\/p>\n<p>Tra i personaggi presenti figuravano Umberto Di Capua, Ambasciatore dell\u2019Ordine di Malta nel Principato di Monaco, con la moglie Marinella, Presidente di ASM,\u00a0 Domenico Arduini, Ambasciatore dell\u2019Ordine di Malta in Armenia, Maria Bonatti, Ministro Consigliere dell\u2019Ambasciata dell\u2019Ordine di Malta nel Principato di Monaco, con Laura Ferrari Aggradi e Mario Abate Consiglieri, Elena Portinaro, Primo Segretario dell\u2019Ambasciata dell\u2019Ordine di Malta in Armenia, Victoria Poghosyan, Terzo Segretario dell\u2019Ambasciata d\u2019Armenia presso la Santa Sede, Guido Venturini, Vice Presidente di ASM, con la moglie Giulia, Susanna Messaggio, Adriano e Laura Teso, Lucio Stanca, gi\u00e0 Ministro per l\u2019Innovazione e le Tecnologie e presidente di IBM Europa, con la moglie Francesca, il Generale Mauro Del Vecchio con Anna Repellini, Giovanni Bozzetti, Vice Presidente Vicario di Confindustria Cisambiente e Chairman di Greenthesis, con la moglie Ludmilla, la nutrizionista Evelina Flachi, la Dottoressa Dvora Ancona, Leonardo Xavier, General Manager di Suite Milano Duomo, Antonio e Zemira Caldarola, Jasmine Vispi, Silvana Fiolini e Urbano Alessio, Letizia Bonelli e Pasquale Lettieri.<\/p>\n<p>Sono diverse le personalit\u00e0 che, con la loro generosit\u00e0, hanno reso possibile questo importante avvenimento solidale: Laurence Gotti, Raffaello Carn\u00e0, Michele Canepa, Elio Catania, Astrid von Liechtenstein, Maurizio Fabbri Wronowski de Top\u00f2r.<\/p>\n<hr \/>\n<p><img loading=\"lazy\" decoding=\"async\" class=\"alignnone wp-image-2980 size-full\" src=\"http:\/\/asmonlus.it\/wp-content\/uploads\/2023\/04\/CENAUMANITARIA23FOTOSALAVUOTA1-min-scaled.jpg\" alt=\"\" width=\"1707\" height=\"2560\" srcset=\"https:\/\/asmonlus.it\/wp-content\/uploads\/2023\/04\/CENAUMANITARIA23FOTOSALAVUOTA1-min-scaled.jpg 1707w, https:\/\/asmonlus.it\/wp-content\/uploads\/2023\/04\/CENAUMANITARIA23FOTOSALAVUOTA1-min-200x300.jpg 200w, https:\/\/asmonlus.it\/wp-content\/uploads\/2023\/04\/CENAUMANITARIA23FOTOSALAVUOTA1-min-687x1030.jpg 687w, https:\/\/asmonlus.it\/wp-content\/uploads\/2023\/04\/CENAUMANITARIA23FOTOSALAVUOTA1-min-768x1152.jpg 768w, https:\/\/asmonlus.it\/wp-content\/uploads\/2023\/04\/CENAUMANITARIA23FOTOSALAVUOTA1-min-1024x1536.jpg 1024w, https:\/\/asmonlus.it\/wp-content\/uploads\/2023\/04\/CENAUMANITARIA23FOTOSALAVUOTA1-min-1365x2048.jpg 1365w, https:\/\/asmonlus.it\/wp-content\/uploads\/2023\/04\/CENAUMANITARIA23FOTOSALAVUOTA1-min-1000x1500.jpg 1000w, https:\/\/asmonlus.it\/wp-content\/uploads\/2023\/04\/CENAUMANITARIA23FOTOSALAVUOTA1-min-470x705.jpg 470w\" sizes=\"(max-width: 1707px) 100vw, 1707px\" \/><\/p>\n<hr \/>\n<p><img loading=\"lazy\" decoding=\"async\" class=\"alignnone wp-image-2981 size-full\" src=\"http:\/\/asmonlus.it\/wp-content\/uploads\/2023\/04\/CENAUMANITARIA23FOTOSALONE2-min-scaled.jpg\" alt=\"\" width=\"2560\" height=\"1707\" srcset=\"https:\/\/asmonlus.it\/wp-content\/uploads\/2023\/04\/CENAUMANITARIA23FOTOSALONE2-min-scaled.jpg 2560w, https:\/\/asmonlus.it\/wp-content\/uploads\/2023\/04\/CENAUMANITARIA23FOTOSALONE2-min-300x200.jpg 300w, https:\/\/asmonlus.it\/wp-content\/uploads\/2023\/04\/CENAUMANITARIA23FOTOSALONE2-min-1030x687.jpg 1030w, https:\/\/asmonlus.it\/wp-content\/uploads\/2023\/04\/CENAUMANITARIA23FOTOSALONE2-min-768x512.jpg 768w, https:\/\/asmonlus.it\/wp-content\/uploads\/2023\/04\/CENAUMANITARIA23FOTOSALONE2-min-1536x1024.jpg 1536w, https:\/\/asmonlus.it\/wp-content\/uploads\/2023\/04\/CENAUMANITARIA23FOTOSALONE2-min-2048x1366.jpg 2048w, https:\/\/asmonlus.it\/wp-content\/uploads\/2023\/04\/CENAUMANITARIA23FOTOSALONE2-min-1500x1000.jpg 1500w, https:\/\/asmonlus.it\/wp-content\/uploads\/2023\/04\/CENAUMANITARIA23FOTOSALONE2-min-705x470.jpg 705w\" sizes=\"(max-width: 2560px) 100vw, 2560px\" \/><\/p>\n<hr \/>\n<p><img loading=\"lazy\" decoding=\"async\" class=\"alignnone wp-image-2978 size-full\" src=\"http:\/\/asmonlus.it\/wp-content\/uploads\/2023\/04\/CENAUMANITARIA23FOTOFABBRI-min-scaled.jpg\" alt=\"\" width=\"1707\" height=\"2560\" srcset=\"https:\/\/asmonlus.it\/wp-content\/uploads\/2023\/04\/CENAUMANITARIA23FOTOFABBRI-min-scaled.jpg 1707w, https:\/\/asmonlus.it\/wp-content\/uploads\/2023\/04\/CENAUMANITARIA23FOTOFABBRI-min-200x300.jpg 200w, https:\/\/asmonlus.it\/wp-content\/uploads\/2023\/04\/CENAUMANITARIA23FOTOFABBRI-min-687x1030.jpg 687w, https:\/\/asmonlus.it\/wp-content\/uploads\/2023\/04\/CENAUMANITARIA23FOTOFABBRI-min-768x1152.jpg 768w, https:\/\/asmonlus.it\/wp-content\/uploads\/2023\/04\/CENAUMANITARIA23FOTOFABBRI-min-1024x1536.jpg 1024w, https:\/\/asmonlus.it\/wp-content\/uploads\/2023\/04\/CENAUMANITARIA23FOTOFABBRI-min-1366x2048.jpg 1366w, https:\/\/asmonlus.it\/wp-content\/uploads\/2023\/04\/CENAUMANITARIA23FOTOFABBRI-min-1000x1500.jpg 1000w, https:\/\/asmonlus.it\/wp-content\/uploads\/2023\/04\/CENAUMANITARIA23FOTOFABBRI-min-470x705.jpg 470w\" sizes=\"(max-width: 1707px) 100vw, 1707px\" \/><\/p>\n<p style=\"text-align: center;\"><em>Il Segretario Generale di ASM, Maurizio Fabbri Wronowski de Top\u00f2r<\/em><\/p>\n<hr \/>\n<p><img loading=\"lazy\" decoding=\"async\" class=\"aligncenter wp-image-2977 size-full\" src=\"http:\/\/asmonlus.it\/wp-content\/uploads\/2023\/04\/CENAUMANITARIA23FOTOVENTURINIPALCO-min-scaled.jpg\" alt=\"\" width=\"1707\" height=\"2560\" srcset=\"https:\/\/asmonlus.it\/wp-content\/uploads\/2023\/04\/CENAUMANITARIA23FOTOVENTURINIPALCO-min-scaled.jpg 1707w, https:\/\/asmonlus.it\/wp-content\/uploads\/2023\/04\/CENAUMANITARIA23FOTOVENTURINIPALCO-min-200x300.jpg 200w, https:\/\/asmonlus.it\/wp-content\/uploads\/2023\/04\/CENAUMANITARIA23FOTOVENTURINIPALCO-min-687x1030.jpg 687w, https:\/\/asmonlus.it\/wp-content\/uploads\/2023\/04\/CENAUMANITARIA23FOTOVENTURINIPALCO-min-768x1152.jpg 768w, https:\/\/asmonlus.it\/wp-content\/uploads\/2023\/04\/CENAUMANITARIA23FOTOVENTURINIPALCO-min-1024x1536.jpg 1024w, https:\/\/asmonlus.it\/wp-content\/uploads\/2023\/04\/CENAUMANITARIA23FOTOVENTURINIPALCO-min-1366x2048.jpg 1366w, https:\/\/asmonlus.it\/wp-content\/uploads\/2023\/04\/CENAUMANITARIA23FOTOVENTURINIPALCO-min-1000x1500.jpg 1000w, https:\/\/asmonlus.it\/wp-content\/uploads\/2023\/04\/CENAUMANITARIA23FOTOVENTURINIPALCO-min-470x705.jpg 470w\" sizes=\"(max-width: 1707px) 100vw, 1707px\" \/><\/p>\n<p style=\"text-align: center;\"><em>Il Vice Presidente di ASM Guido Venturini durante il suo saluto agli ospiti<\/em><\/p>\n<hr \/>\n<p><img loading=\"lazy\" decoding=\"async\" class=\"aligncenter wp-image-2975 size-full\" src=\"http:\/\/asmonlus.it\/wp-content\/uploads\/2023\/04\/CENAUMANITARIA23FOTOMDCPALCO-min-scaled.jpg\" alt=\"\" width=\"2560\" height=\"1707\" srcset=\"https:\/\/asmonlus.it\/wp-content\/uploads\/2023\/04\/CENAUMANITARIA23FOTOMDCPALCO-min-scaled.jpg 2560w, https:\/\/asmonlus.it\/wp-content\/uploads\/2023\/04\/CENAUMANITARIA23FOTOMDCPALCO-min-300x200.jpg 300w, https:\/\/asmonlus.it\/wp-content\/uploads\/2023\/04\/CENAUMANITARIA23FOTOMDCPALCO-min-1030x687.jpg 1030w, https:\/\/asmonlus.it\/wp-content\/uploads\/2023\/04\/CENAUMANITARIA23FOTOMDCPALCO-min-768x512.jpg 768w, https:\/\/asmonlus.it\/wp-content\/uploads\/2023\/04\/CENAUMANITARIA23FOTOMDCPALCO-min-1536x1024.jpg 1536w, https:\/\/asmonlus.it\/wp-content\/uploads\/2023\/04\/CENAUMANITARIA23FOTOMDCPALCO-min-2048x1366.jpg 2048w, https:\/\/asmonlus.it\/wp-content\/uploads\/2023\/04\/CENAUMANITARIA23FOTOMDCPALCO-min-1500x1000.jpg 1500w, https:\/\/asmonlus.it\/wp-content\/uploads\/2023\/04\/CENAUMANITARIA23FOTOMDCPALCO-min-705x470.jpg 705w\" sizes=\"(max-width: 2560px) 100vw, 2560px\" \/><\/p>\n<p style=\"text-align: center;\"><em>Il Presidente di ASM e della Fondazione ASM Marinella Di Capua<\/em><\/p>\n<hr \/>\n<p><img loading=\"lazy\" decoding=\"async\" class=\"alignnone wp-image-2976 size-full\" src=\"http:\/\/asmonlus.it\/wp-content\/uploads\/2023\/04\/CENAUMANITARIA23FOTOARDUINIPALCO-min-scaled.jpg\" alt=\"\" width=\"2560\" height=\"1707\" srcset=\"https:\/\/asmonlus.it\/wp-content\/uploads\/2023\/04\/CENAUMANITARIA23FOTOARDUINIPALCO-min-scaled.jpg 2560w, https:\/\/asmonlus.it\/wp-content\/uploads\/2023\/04\/CENAUMANITARIA23FOTOARDUINIPALCO-min-300x200.jpg 300w, https:\/\/asmonlus.it\/wp-content\/uploads\/2023\/04\/CENAUMANITARIA23FOTOARDUINIPALCO-min-1030x687.jpg 1030w, https:\/\/asmonlus.it\/wp-content\/uploads\/2023\/04\/CENAUMANITARIA23FOTOARDUINIPALCO-min-768x512.jpg 768w, https:\/\/asmonlus.it\/wp-content\/uploads\/2023\/04\/CENAUMANITARIA23FOTOARDUINIPALCO-min-1536x1024.jpg 1536w, https:\/\/asmonlus.it\/wp-content\/uploads\/2023\/04\/CENAUMANITARIA23FOTOARDUINIPALCO-min-2048x1366.jpg 2048w, https:\/\/asmonlus.it\/wp-content\/uploads\/2023\/04\/CENAUMANITARIA23FOTOARDUINIPALCO-min-1500x1000.jpg 1500w, https:\/\/asmonlus.it\/wp-content\/uploads\/2023\/04\/CENAUMANITARIA23FOTOARDUINIPALCO-min-705x470.jpg 705w\" sizes=\"(max-width: 2560px) 100vw, 2560px\" \/><\/p>\n<p style=\"text-align: center;\"><em>Il Presidente del Comitato Scientifico e Ambasciatore <\/em><em>dell\u2019Ordine di Malta in Armenia Domenico Arduini<\/em><\/p>\n<hr \/>\n<p><img loading=\"lazy\" decoding=\"async\" class=\"alignnone wp-image-2979 size-full\" src=\"http:\/\/asmonlus.it\/wp-content\/uploads\/2023\/04\/CENAUMANITARIA23FOTOSAULELAGO-min-scaled.jpg\" alt=\"\" width=\"2560\" height=\"1707\" srcset=\"https:\/\/asmonlus.it\/wp-content\/uploads\/2023\/04\/CENAUMANITARIA23FOTOSAULELAGO-min-scaled.jpg 2560w, https:\/\/asmonlus.it\/wp-content\/uploads\/2023\/04\/CENAUMANITARIA23FOTOSAULELAGO-min-300x200.jpg 300w, https:\/\/asmonlus.it\/wp-content\/uploads\/2023\/04\/CENAUMANITARIA23FOTOSAULELAGO-min-1030x687.jpg 1030w, https:\/\/asmonlus.it\/wp-content\/uploads\/2023\/04\/CENAUMANITARIA23FOTOSAULELAGO-min-768x512.jpg 768w, https:\/\/asmonlus.it\/wp-content\/uploads\/2023\/04\/CENAUMANITARIA23FOTOSAULELAGO-min-1536x1024.jpg 1536w, https:\/\/asmonlus.it\/wp-content\/uploads\/2023\/04\/CENAUMANITARIA23FOTOSAULELAGO-min-2048x1365.jpg 2048w, https:\/\/asmonlus.it\/wp-content\/uploads\/2023\/04\/CENAUMANITARIA23FOTOSAULELAGO-min-1500x1000.jpg 1500w, https:\/\/asmonlus.it\/wp-content\/uploads\/2023\/04\/CENAUMANITARIA23FOTOSAULELAGO-min-705x470.jpg 705w\" sizes=\"(max-width: 2560px) 100vw, 2560px\" \/><\/p>\n<p style=\"text-align: center;\">\u00a0La violinista-performer Saule Kilaite affiancata dalla ballerina Elena Lago<\/p>\n<hr \/>\n<p style=\"text-align: center;\"><strong>Saule Kilaite in una magistrale interpretazione di uno dei brani della colonna sonora del film: &#8220;Il Gladiatore&#8221;<\/strong><\/p>\n<p><iframe loading=\"lazy\" src=\"\/\/www.youtube.com\/embed\/0GiAfl2Ir0A\" width=\"560\" height=\"314\" allowfullscreen=\"allowfullscreen\"><\/iframe><\/p>\n<p>&nbsp;<\/p>\n<p>&nbsp;<\/p>\n","protected":false},"excerpt":{"rendered":"<p>I commenti entusiastici dei partecipanti sono stati, ancora pi\u00f9 dell\u2019ottimo risultato in termini di raccolta fondi, la soddisfazione pi\u00f9 grande per il Presidente di ASM Marinella Di Capua e per tutto lo staff della nostra Associazione, che hanno organizzato nei minimi dettagli la \u201cFesta di Primavera\u201d svoltasi lo scorso 29 marzo nella storica e suggestiva [&hellip;]<\/p>\n","protected":false},"author":6,"featured_media":2958,"comment_status":"closed","ping_status":"closed","sticky":false,"template":"","format":"standard","meta":{"footnotes":""},"categories":[2],"tags":[268,265,118,266],"yoast_head":"<!-- This site is optimized with the Yoast SEO plugin v22.0 - https:\/\/yoast.com\/wordpress\/plugins\/seo\/ -->\n<title>Sboccia in musica all\u2019Umanitaria la primavera della solidariet\u00e0 di ASM - ASM Onlus<\/title>\n<meta name=\"description\" content=\"La soddisfazione pi\u00f9 grande per il Presidente di ASM Marinella Di Capua e per tutto lo staff della nostra Associazione, che hanno organizzato nei minimi dettagli la \u201cFesta di Primavera\u201d svoltasi lo scorso 29 marzo nella storica e suggestiva cornice del Salone degli Affreschi della Societ\u00e0 Umanitaria di Milano.\" \/>\n<meta name=\"robots\" content=\"index, follow, max-snippet:-1, max-image-preview:large, max-video-preview:-1\" \/>\n<link rel=\"canonical\" href=\"https:\/\/asmonlus.it\/index.php\/2023\/04\/04\/sboccia-in-musica-allumanitaria-la-primavera-della-solidarieta-di-asm\/\" \/>\n<meta property=\"og:locale\" content=\"it_IT\" \/>\n<meta property=\"og:type\" content=\"article\" \/>\n<meta property=\"og:title\" content=\"Sboccia in musica all\u2019Umanitaria la primavera della solidariet\u00e0 di ASM - ASM Onlus\" \/>\n<meta property=\"og:description\" content=\"La soddisfazione pi\u00f9 grande per il Presidente di ASM Marinella Di Capua e per tutto lo staff della nostra Associazione, che hanno organizzato nei minimi dettagli la \u201cFesta di Primavera\u201d svoltasi lo scorso 29 marzo nella storica e suggestiva cornice del Salone degli Affreschi della Societ\u00e0 Umanitaria di Milano.\" \/>\n<meta property=\"og:url\" content=\"https:\/\/asmonlus.it\/index.php\/2023\/04\/04\/sboccia-in-musica-allumanitaria-la-primavera-della-solidarieta-di-asm\/\" \/>\n<meta property=\"og:site_name\" content=\"ASM Onlus\" \/>\n<meta property=\"article:publisher\" content=\"https:\/\/www.facebook.com\/ASM-ONLUS-Associazione-Italiana-Studio-Malformazioni-234922936565638\" \/>\n<meta property=\"article:published_time\" content=\"2023-04-04T09:18:30+00:00\" \/>\n<meta property=\"og:image\" content=\"https:\/\/asmonlus.it\/wp-content\/uploads\/2023\/03\/Sala-Affresci-Umanitaria-Milano.jpg\" \/>\n\t<meta property=\"og:image:width\" content=\"1920\" \/>\n\t<meta property=\"og:image:height\" content=\"1080\" \/>\n\t<meta property=\"og:image:type\" content=\"image\/jpeg\" \/>\n<meta name=\"author\" content=\"Asm Onlus\" \/>\n<meta name=\"twitter:card\" content=\"summary_large_image\" \/>\n<meta name=\"twitter:label1\" content=\"Scritto da\" \/>\n\t<meta name=\"twitter:data1\" content=\"Asm Onlus\" \/>\n\t<meta name=\"twitter:label2\" content=\"Tempo di lettura stimato\" \/>\n\t<meta name=\"twitter:data2\" content=\"4 minuti\" \/>\n<script type=\"application\/ld+json\" class=\"yoast-schema-graph\">{\"@context\":\"https:\/\/schema.org\",\"@graph\":[{\"@type\":\"Article\",\"@id\":\"https:\/\/asmonlus.it\/index.php\/2023\/04\/04\/sboccia-in-musica-allumanitaria-la-primavera-della-solidarieta-di-asm\/#article\",\"isPartOf\":{\"@id\":\"https:\/\/asmonlus.it\/index.php\/2023\/04\/04\/sboccia-in-musica-allumanitaria-la-primavera-della-solidarieta-di-asm\/\"},\"author\":{\"name\":\"Asm Onlus\",\"@id\":\"http:\/\/asmonlus.it\/#\/schema\/person\/9554dbd9fff4d897db0eaf778f4803c1\"},\"headline\":\"Sboccia in musica all\u2019Umanitaria la primavera della solidariet\u00e0 di ASM\",\"datePublished\":\"2023-04-04T09:18:30+00:00\",\"dateModified\":\"2023-04-04T09:18:30+00:00\",\"mainEntityOfPage\":{\"@id\":\"https:\/\/asmonlus.it\/index.php\/2023\/04\/04\/sboccia-in-musica-allumanitaria-la-primavera-della-solidarieta-di-asm\/\"},\"wordCount\":770,\"publisher\":{\"@id\":\"http:\/\/asmonlus.it\/#organization\"},\"keywords\":[\"Cena solidale\",\"Festa di primavera\",\"Pasqua solidale\",\"Societ\u00e0 Umanitaria Milano\"],\"articleSection\":[\"HomePage\"],\"inLanguage\":\"it-IT\"},{\"@type\":\"WebPage\",\"@id\":\"https:\/\/asmonlus.it\/index.php\/2023\/04\/04\/sboccia-in-musica-allumanitaria-la-primavera-della-solidarieta-di-asm\/\",\"url\":\"https:\/\/asmonlus.it\/index.php\/2023\/04\/04\/sboccia-in-musica-allumanitaria-la-primavera-della-solidarieta-di-asm\/\",\"name\":\"Sboccia in musica all\u2019Umanitaria la primavera della solidariet\u00e0 di ASM - ASM Onlus\",\"isPartOf\":{\"@id\":\"http:\/\/asmonlus.it\/#website\"},\"datePublished\":\"2023-04-04T09:18:30+00:00\",\"dateModified\":\"2023-04-04T09:18:30+00:00\",\"description\":\"La soddisfazione pi\u00f9 grande per il Presidente di ASM Marinella Di Capua e per tutto lo staff della nostra Associazione, che hanno organizzato nei minimi dettagli la \u201cFesta di Primavera\u201d svoltasi lo scorso 29 marzo nella storica e suggestiva cornice del Salone degli Affreschi della Societ\u00e0 Umanitaria di Milano.\",\"breadcrumb\":{\"@id\":\"https:\/\/asmonlus.it\/index.php\/2023\/04\/04\/sboccia-in-musica-allumanitaria-la-primavera-della-solidarieta-di-asm\/#breadcrumb\"},\"inLanguage\":\"it-IT\",\"potentialAction\":[{\"@type\":\"ReadAction\",\"target\":[\"https:\/\/asmonlus.it\/index.php\/2023\/04\/04\/sboccia-in-musica-allumanitaria-la-primavera-della-solidarieta-di-asm\/\"]}]},{\"@type\":\"BreadcrumbList\",\"@id\":\"https:\/\/asmonlus.it\/index.php\/2023\/04\/04\/sboccia-in-musica-allumanitaria-la-primavera-della-solidarieta-di-asm\/#breadcrumb\",\"itemListElement\":[{\"@type\":\"ListItem\",\"position\":1,\"name\":\"Home\",\"item\":\"http:\/\/asmonlus.it\/\"},{\"@type\":\"ListItem\",\"position\":2,\"name\":\"Sboccia in musica all\u2019Umanitaria la primavera della solidariet\u00e0 di ASM\"}]},{\"@type\":\"WebSite\",\"@id\":\"http:\/\/asmonlus.it\/#website\",\"url\":\"http:\/\/asmonlus.it\/\",\"name\":\"ASM Onlus\",\"description\":\"\",\"publisher\":{\"@id\":\"http:\/\/asmonlus.it\/#organization\"},\"potentialAction\":[{\"@type\":\"SearchAction\",\"target\":{\"@type\":\"EntryPoint\",\"urlTemplate\":\"http:\/\/asmonlus.it\/?s={search_term_string}\"},\"query-input\":\"required name=search_term_string\"}],\"inLanguage\":\"it-IT\"},{\"@type\":\"Organization\",\"@id\":\"http:\/\/asmonlus.it\/#organization\",\"name\":\"ASM Onlus\",\"url\":\"http:\/\/asmonlus.it\/\",\"logo\":{\"@type\":\"ImageObject\",\"inLanguage\":\"it-IT\",\"@id\":\"http:\/\/asmonlus.it\/#\/schema\/logo\/image\/\",\"url\":\"http:\/\/asmonlus.it\/wp-content\/uploads\/2019\/03\/image.png\",\"contentUrl\":\"http:\/\/asmonlus.it\/wp-content\/uploads\/2019\/03\/image.png\",\"width\":220,\"height\":220,\"caption\":\"ASM Onlus\"},\"image\":{\"@id\":\"http:\/\/asmonlus.it\/#\/schema\/logo\/image\/\"},\"sameAs\":[\"https:\/\/www.facebook.com\/ASM-ONLUS-Associazione-Italiana-Studio-Malformazioni-234922936565638\",\"https:\/\/www.instagram.com\/asmonlus.it\",\"https:\/\/www.youtube.com\/channel\/UCHy1ALeK8g71u_JVC9mcvWQ\"]},{\"@type\":\"Person\",\"@id\":\"http:\/\/asmonlus.it\/#\/schema\/person\/9554dbd9fff4d897db0eaf778f4803c1\",\"name\":\"Asm Onlus\",\"image\":{\"@type\":\"ImageObject\",\"inLanguage\":\"it-IT\",\"@id\":\"http:\/\/asmonlus.it\/#\/schema\/person\/image\/\",\"url\":\"https:\/\/secure.gravatar.com\/avatar\/e329b9a3d2d3bccddfec26fe1f54d72b?s=96&d=mm&r=g\",\"contentUrl\":\"https:\/\/secure.gravatar.com\/avatar\/e329b9a3d2d3bccddfec26fe1f54d72b?s=96&d=mm&r=g\",\"caption\":\"Asm Onlus\"},\"url\":\"https:\/\/asmonlus.it\/index.php\/author\/stefanozulianhotmail-com\/\"}]}<\/script>\n<!-- \/ Yoast SEO plugin. -->","yoast_head_json":{"title":"Sboccia in musica all\u2019Umanitaria la primavera della solidariet\u00e0 di ASM - ASM Onlus","description":"La soddisfazione pi\u00f9 grande per il Presidente di ASM Marinella Di Capua e per tutto lo staff della nostra Associazione, che hanno organizzato nei minimi dettagli la \u201cFesta di Primavera\u201d svoltasi lo scorso 29 marzo nella storica e suggestiva cornice del Salone degli Affreschi della Societ\u00e0 Umanitaria di Milano.","robots":{"index":"index","follow":"follow","max-snippet":"max-snippet:-1","max-image-preview":"max-image-preview:large","max-video-preview":"max-video-preview:-1"},"canonical":"https:\/\/asmonlus.it\/index.php\/2023\/04\/04\/sboccia-in-musica-allumanitaria-la-primavera-della-solidarieta-di-asm\/","og_locale":"it_IT","og_type":"article","og_title":"Sboccia in musica all\u2019Umanitaria la primavera della solidariet\u00e0 di ASM - ASM Onlus","og_description":"La soddisfazione pi\u00f9 grande per il Presidente di ASM Marinella Di Capua e per tutto lo staff della nostra Associazione, che hanno organizzato nei minimi dettagli la \u201cFesta di Primavera\u201d svoltasi lo scorso 29 marzo nella storica e suggestiva cornice del Salone degli Affreschi della Societ\u00e0 Umanitaria di Milano.","og_url":"https:\/\/asmonlus.it\/index.php\/2023\/04\/04\/sboccia-in-musica-allumanitaria-la-primavera-della-solidarieta-di-asm\/","og_site_name":"ASM Onlus","article_publisher":"https:\/\/www.facebook.com\/ASM-ONLUS-Associazione-Italiana-Studio-Malformazioni-234922936565638","article_published_time":"2023-04-04T09:18:30+00:00","og_image":[{"width":1920,"height":1080,"url":"https:\/\/asmonlus.it\/wp-content\/uploads\/2023\/03\/Sala-Affresci-Umanitaria-Milano.jpg","type":"image\/jpeg"}],"author":"Asm Onlus","twitter_card":"summary_large_image","twitter_misc":{"Scritto da":"Asm Onlus","Tempo di lettura stimato":"4 minuti"},"schema":{"@context":"https:\/\/schema.org","@graph":[{"@type":"Article","@id":"https:\/\/asmonlus.it\/index.php\/2023\/04\/04\/sboccia-in-musica-allumanitaria-la-primavera-della-solidarieta-di-asm\/#article","isPartOf":{"@id":"https:\/\/asmonlus.it\/index.php\/2023\/04\/04\/sboccia-in-musica-allumanitaria-la-primavera-della-solidarieta-di-asm\/"},"author":{"name":"Asm Onlus","@id":"http:\/\/asmonlus.it\/#\/schema\/person\/9554dbd9fff4d897db0eaf778f4803c1"},"headline":"Sboccia in musica all\u2019Umanitaria la primavera della solidariet\u00e0 di ASM","datePublished":"2023-04-04T09:18:30+00:00","dateModified":"2023-04-04T09:18:30+00:00","mainEntityOfPage":{"@id":"https:\/\/asmonlus.it\/index.php\/2023\/04\/04\/sboccia-in-musica-allumanitaria-la-primavera-della-solidarieta-di-asm\/"},"wordCount":770,"publisher":{"@id":"http:\/\/asmonlus.it\/#organization"},"keywords":["Cena solidale","Festa di primavera","Pasqua solidale","Societ\u00e0 Umanitaria Milano"],"articleSection":["HomePage"],"inLanguage":"it-IT"},{"@type":"WebPage","@id":"https:\/\/asmonlus.it\/index.php\/2023\/04\/04\/sboccia-in-musica-allumanitaria-la-primavera-della-solidarieta-di-asm\/","url":"https:\/\/asmonlus.it\/index.php\/2023\/04\/04\/sboccia-in-musica-allumanitaria-la-primavera-della-solidarieta-di-asm\/","name":"Sboccia in musica all\u2019Umanitaria la primavera della solidariet\u00e0 di ASM - ASM Onlus","isPartOf":{"@id":"http:\/\/asmonlus.it\/#website"},"datePublished":"2023-04-04T09:18:30+00:00","dateModified":"2023-04-04T09:18:30+00:00","description":"La soddisfazione pi\u00f9 grande per il Presidente di ASM Marinella Di Capua e per tutto lo staff della nostra Associazione, che hanno organizzato nei minimi dettagli la \u201cFesta di Primavera\u201d svoltasi lo scorso 29 marzo nella storica e suggestiva cornice del Salone degli Affreschi della Societ\u00e0 Umanitaria di Milano.","breadcrumb":{"@id":"https:\/\/asmonlus.it\/index.php\/2023\/04\/04\/sboccia-in-musica-allumanitaria-la-primavera-della-solidarieta-di-asm\/#breadcrumb"},"inLanguage":"it-IT","potentialAction":[{"@type":"ReadAction","target":["https:\/\/asmonlus.it\/index.php\/2023\/04\/04\/sboccia-in-musica-allumanitaria-la-primavera-della-solidarieta-di-asm\/"]}]},{"@type":"BreadcrumbList","@id":"https:\/\/asmonlus.it\/index.php\/2023\/04\/04\/sboccia-in-musica-allumanitaria-la-primavera-della-solidarieta-di-asm\/#breadcrumb","itemListElement":[{"@type":"ListItem","position":1,"name":"Home","item":"http:\/\/asmonlus.it\/"},{"@type":"ListItem","position":2,"name":"Sboccia in musica all\u2019Umanitaria la primavera della solidariet\u00e0 di ASM"}]},{"@type":"WebSite","@id":"http:\/\/asmonlus.it\/#website","url":"http:\/\/asmonlus.it\/","name":"ASM Onlus","description":"","publisher":{"@id":"http:\/\/asmonlus.it\/#organization"},"potentialAction":[{"@type":"SearchAction","target":{"@type":"EntryPoint","urlTemplate":"http:\/\/asmonlus.it\/?s={search_term_string}"},"query-input":"required name=search_term_string"}],"inLanguage":"it-IT"},{"@type":"Organization","@id":"http:\/\/asmonlus.it\/#organization","name":"ASM Onlus","url":"http:\/\/asmonlus.it\/","logo":{"@type":"ImageObject","inLanguage":"it-IT","@id":"http:\/\/asmonlus.it\/#\/schema\/logo\/image\/","url":"http:\/\/asmonlus.it\/wp-content\/uploads\/2019\/03\/image.png","contentUrl":"http:\/\/asmonlus.it\/wp-content\/uploads\/2019\/03\/image.png","width":220,"height":220,"caption":"ASM Onlus"},"image":{"@id":"http:\/\/asmonlus.it\/#\/schema\/logo\/image\/"},"sameAs":["https:\/\/www.facebook.com\/ASM-ONLUS-Associazione-Italiana-Studio-Malformazioni-234922936565638","https:\/\/www.instagram.com\/asmonlus.it","https:\/\/www.youtube.com\/channel\/UCHy1ALeK8g71u_JVC9mcvWQ"]},{"@type":"Person","@id":"http:\/\/asmonlus.it\/#\/schema\/person\/9554dbd9fff4d897db0eaf778f4803c1","name":"Asm Onlus","image":{"@type":"ImageObject","inLanguage":"it-IT","@id":"http:\/\/asmonlus.it\/#\/schema\/person\/image\/","url":"https:\/\/secure.gravatar.com\/avatar\/e329b9a3d2d3bccddfec26fe1f54d72b?s=96&d=mm&r=g","contentUrl":"https:\/\/secure.gravatar.com\/avatar\/e329b9a3d2d3bccddfec26fe1f54d72b?s=96&d=mm&r=g","caption":"Asm Onlus"},"url":"https:\/\/asmonlus.it\/index.php\/author\/stefanozulianhotmail-com\/"}]}},"_links":{"self":[{"href":"https:\/\/asmonlus.it\/index.php\/wp-json\/wp\/v2\/posts\/2973"}],"collection":[{"href":"https:\/\/asmonlus.it\/index.php\/wp-json\/wp\/v2\/posts"}],"about":[{"href":"https:\/\/asmonlus.it\/index.php\/wp-json\/wp\/v2\/types\/post"}],"author":[{"embeddable":true,"href":"https:\/\/asmonlus.it\/index.php\/wp-json\/wp\/v2\/users\/6"}],"replies":[{"embeddable":true,"href":"https:\/\/asmonlus.it\/index.php\/wp-json\/wp\/v2\/comments?post=2973"}],"version-history":[{"count":6,"href":"https:\/\/asmonlus.it\/index.php\/wp-json\/wp\/v2\/posts\/2973\/revisions"}],"predecessor-version":[{"id":3100,"href":"https:\/\/asmonlus.it\/index.php\/wp-json\/wp\/v2\/posts\/2973\/revisions\/3100"}],"wp:featuredmedia":[{"embeddable":true,"href":"https:\/\/asmonlus.it\/index.php\/wp-json\/wp\/v2\/media\/2958"}],"wp:attachment":[{"href":"https:\/\/asmonlus.it\/index.php\/wp-json\/wp\/v2\/media?parent=2973"}],"wp:term":[{"taxonomy":"category","embeddable":true,"href":"https:\/\/asmonlus.it\/index.php\/wp-json\/wp\/v2\/categories?post=2973"},{"taxonomy":"post_tag","embeddable":true,"href":"https:\/\/asmonlus.it\/index.php\/wp-json\/wp\/v2\/tags?post=2973"}],"curies":[{"name":"wp","href":"https:\/\/api.w.org\/{rel}","templated":true}]}}