{"id":945,"date":"2020-06-18T13:18:14","date_gmt":"2020-06-18T11:18:14","guid":{"rendered":"https:\/\/www.asmonlus.it\/?p=945"},"modified":"2020-10-12T15:05:40","modified_gmt":"2020-10-12T13:05:40","slug":"future-mamme-bevete-piu-acqua-soprattutto-in-estate","status":"publish","type":"post","link":"http:\/\/asmonlus.it\/index.php\/2020\/06\/18\/future-mamme-bevete-piu-acqua-soprattutto-in-estate\/","title":{"rendered":"Future mamme, bevete pi\u00f9 acqua, soprattutto in estate"},"content":{"rendered":"\n<hr class=\"wp-block-separator is-style-wide\"\/>\n\n\n\n<div class=\"wp-block-image\"><figure class=\"aligncenter size-medium is-resized\"><img loading=\"lazy\" decoding=\"async\" src=\"http:\/\/asmonlus.it\/wp-content\/uploads\/2020\/06\/Dottoressa-Roberta-Clauser-300x225.jpg\" alt=\"\" class=\"wp-image-948\" width=\"340\" height=\"250\"\/><\/figure><\/div>\n\n\n\n<hr class=\"wp-block-separator is-style-wide\"\/>\n\n\n\n<p>A cura della <strong>dott.ssa&nbsp;Roberta Clauser<\/strong>, ginecologa<\/p>\n\n\n\n<hr class=\"wp-block-separator is-style-wide\"\/>\n\n\n\n<p class=\"has-text-align-left\">L\u2019acqua \u00e8 il maggiore componente del corpo umano ed \u00e8 vitale per il funzionamento dei nostri organi e per la regolazione della temperatura corporea. La percentuale di acqua contenuta nell\u2019organismo \u00e8 solitamente minore nelle donne che negli uomini e varia con l\u2019et\u00e0: nei neonati \u00e8 del 75% circa, mentre durante la Terza Et\u00e0 ammonta pi\u00f9 o meno al 50%. In generale, la maggior parte dell\u2019acqua (circa i 2\/3) si trova nelle cellule, mentre la quota restante costituisce il plasma, ossia la parte fluida del sangue, e l\u2019interstizio, cio\u00e8 lo spazio tra le cellule dei tessuti.<\/p>\n\n\n\n<h3 class=\"has-col-009-b-67-color has-text-color has-text-align-center wp-block-heading\"><strong><em><span class=\"has-inline-color has-col-009-b-67-color\">Il sangue aumenta di volume<\/span><\/em><\/strong><\/h3>\n\n\n\n<p><br><strong>La gravidanza comporta molti cambiamenti fisiologici nel corpo della donna. In particolare, si verifica una ritenzione di sodio e acqua che porta ad un accrescimento del volume plasmatico.<\/strong><br><br> Queste modificazioni iniziano gi\u00e0 nel primo periodo della gestazione, raggiungono un picco nel secondo trimestre e poi restano costanti fino al parto,&nbsp;facendo s\u00ec che il volume di sangue in una futura mamma a termine sia dal 30 al 50% in pi\u00f9 rispetto a una donna che non aspetta un figlio. <br><br>L\u2019aumento del volume di liquidi nell\u2019organismo materno \u00e8 accompagnato dall\u2019accumulo di 900-1.000 milliequivalenti di sodio e di 6-8 litri di acqua, distribuiti tra il feto, il liquido amniotico, gli spazi intra ed extracellulari.<br><\/p>\n\n\n\n<h3 class=\"has-col-009-b-67-color has-text-color has-text-align-center wp-block-heading\"><strong><em><span class=\"has-inline-color has-col-009-b-67-color\">Un liquido protettivo<\/span><\/em><\/strong><\/h3>\n\n\n\n<p><br>Sicuramente nei nove mesi \u00e8 fondamentale la presenza del liquido amniotico, che\u00a0nelle prime settimane\u00a0viene prodotto prevalentemente per filtrazione\u00a0attraverso la placenta e la membrana amniocoriale.<br><br> Successivamente,\u00a0a partire dalla 14-16ma settimana, la diuresi fetale\u00a0inizia ad essere significativa, e quindi da quest\u2019epoca il liquido amniotico \u00e8 costituito essenzialmente dall\u2019urina del nascituro.\u00a0<br><br>Questo particolare fluido ha una funzione meccanica:\u00a0attenua suoni e rumori esterni,\u00a0che arrivano cos\u00ec al feto pi\u00f9 ovattati, mantiene stabile la temperatura, attutisce eventuali traumi. Da un punto di vista metabolico, \u00e8 utile per lo sviluppo dell\u2019apparato digerente e di quello respiratorio.<br><br> <strong>Un\u2019adeguata produzione di liquido amniotico \u00e8 garantita anche da una corretta idratazione materna e quindi fetale.\u00a0<\/strong><br><\/p>\n\n\n\n<h3 class=\"has-col-009-b-67-color has-text-color has-text-align-center wp-block-heading\"><strong><em><span class=\"has-inline-color has-col-009-b-67-color\">Quando ci vuole pi\u00f9 acqua<\/span><\/em><\/strong><\/h3>\n\n\n\n<p style=\"font-size:-3px\" class=\"has-text-align-left\"><br>In generale \u00e8 impossibile dare un\u2019esatta raccomandazione sul quantitativo di acqua che occorre bere in una giornata, perch\u00e9 la richiesta di liquidi presenta un\u2019ampia variabilit\u00e0 da persona a persona e cambia a seconda del clima e delle attivit\u00e0 svolte. <br><br><span class=\"has-inline-color has-col-009-b-67-color\"><strong>La \u201c<em>European Food Safety Autority<\/em>\u201d (EFSA) raccomanda un introito giornaliero di acqua di circa 2 litri per le donne e 2,5 litri per gli uomini.<\/strong> <\/span><br>L\u2019EFSA fornisce indicazioni simili anche alla&nbsp;donna&nbsp;in gravidanza, aumentando per\u00f2 l\u2019apporto di 0,3 litri al giorno oltre i 2 raccomandati. <br><br>Anche durante l\u2019allattamento \u00e8 necessaria una particolare attenzione all\u2019idratazione della neomamma: in questo delicato momento, infatti, l\u2019organismo femminile deve recuperare le perdite dovute al parto, e soddisfare le accresciute richieste causate dal nutrimento al seno. <br><br>Le signore che allattano dovrebbero regolare il loro introito giornaliero di acqua in base alla quantit\u00e0 di latte prodotta: una produzione giornaliera di 750 millilitri di latte comporta un incremento della richiesta di fluidi di 600-700 ml. al giorno.&nbsp;<br><\/p>\n\n\n\n<h3 class=\"has-col-009-b-67-color has-text-color has-text-align-center wp-block-heading\"><strong><em>Disidratazion<span class=\"has-inline-color has-col-009-b-67-color\">e, rischio estivo<\/span><\/em><\/strong><\/h3>\n\n\n\n<p class=\"has-text-align-left\"><br>Il tutto si complica per\u00f2 con l\u2019arrivo dell\u2019estate e con l\u2019innalzamento delle temperature: uno dei problemi pi\u00f9 frequenti che la popolazione deve affrontare \u00e8 infatti quello della disidratazione. Le categorie pi\u00f9 interessate da questo rischio sono le donne in gravidanza, i bambini e gli anziani.&nbsp;<br><br>Le alte temperature fanno crescere il fabbisogno di acqua e di sali minerali in conseguenza dell\u2019aumentata eliminazione di liquidi ed elettroliti tramite il sudore. <strong>Inoltre molte donne, soprattutto nel primo trimestre dell\u2019attesa, soffrono di problemi quali nausea e vomito, che accentuano la perdita di liquidi ed elettroliti e al tempo stesso ne riducono l\u2019introito.&nbsp;<\/strong><br><br>Un insufficiente apporto di liquidi determina nella futura mamma una pi\u00f9 elevata incidenza di infezioni delle vie urinarie e di ipotensione ortostatica, vale a dire di cali nella pressione arteriosa.&nbsp;<br><br>Per quanto riguarda il nascituro, invece, durante i mesi estivi \u00e8 pi\u00f9 frequente il riscontro di&nbsp;<em>oligoidramnios<\/em>&nbsp;(riduzione del liquido amniotico al di sotto del limite inferiore di normalit\u00e0), soprattutto nelle gravidanze presso od oltre il termine: in questo momento della gestazione, infatti, gi\u00e0 fisiologicamente si assiste ad una diminuzione del liquido amniotico, che pu\u00f2 essere peggiorata da un\u2019eventuale disidratazione.&nbsp;<br><br>La perdita eccessiva di elettroliti, invece, provoca pi\u00f9 frequentemente crampi muscolari e nei casi pi\u00f9 gravi, ma assolutamente molto pi\u00f9 rari, disturbi del ritmo cardiaco. <strong>\u00c8 quindi buona norma che le donne in gravidanza abbiano un corretto apporto giornaliero di liquidi che, durante l\u2019estate, pu\u00f2 raggiungere i tre litri.&nbsp;<\/strong><br><br>Nel caso di comparsa di crampi o alterazioni elettrolitiche \u00e8 opportuno che il medico curante consigli un integratore di sali minerali. Ovviamente, tutto ci\u00f2 va accompagnato ad un corretto comportamento: evitare di uscire nelle ore pi\u00f9 calde della giornata, vestire in modo adeguato, rinfrescare l\u2019ambiente domestico, astenersi dall\u2019uso di alcolici, mangiare preferibilmente cibi leggeri e con alto contenuto di acqua, come frutta e verdura.<br><br>A volte si presta poca attenzione a quanta acqua si beve in una giornata, e spesso infatti l\u2019introito \u00e8 di gran lunga inferiore a quello raccomandato. \u00c8 invece fondamentale introdurre una quantit\u00e0 idonea di liquidi in qualsiasi momento della vita, e in particolare durante la gestazione quando, come abbiamo visto, il fabbisogno s\u2019incrementa e un\u2019adeguata idratazione \u00e8 fondamentale sia per la salute della mamma sia per quella del suo bambino.<\/p>\n\n\n\n<hr class=\"wp-block-separator is-style-wide\"\/>\n\n\n\n<div class=\"wp-block-image\"><figure class=\"aligncenter size-full is-resized\"><img loading=\"lazy\" decoding=\"async\" src=\"http:\/\/asmonlus.it\/wp-content\/uploads\/2020\/07\/Future-mamme-bevete-pi\u00f9-acqua-1-scaled.jpeg\" alt=\"Bicchiere con acqua e ghiaccio\" class=\"wp-image-1016\" width=\"667\" height=\"494\"\/><\/figure><\/div>\n","protected":false},"excerpt":{"rendered":"<p>A cura della dott.ssa&nbsp;Roberta Clauser, ginecologa L\u2019acqua \u00e8 il maggiore componente del corpo umano ed \u00e8 vitale per il funzionamento dei nostri organi e per la regolazione della temperatura corporea. La percentuale di acqua contenuta nell\u2019organismo \u00e8 solitamente minore nelle donne che negli uomini e varia con l\u2019et\u00e0: nei neonati \u00e8 del 75% circa, mentre [&hellip;]<\/p>\n","protected":false},"author":6,"featured_media":1006,"comment_status":"closed","ping_status":"closed","sticky":false,"template":"","format":"standard","meta":{"footnotes":""},"categories":[3],"tags":[32,31,30,29],"yoast_head":"<!-- This site is optimized with the Yoast SEO plugin v22.0 - https:\/\/yoast.com\/wordpress\/plugins\/seo\/ -->\n<title>Future mamme, bevete pi\u00f9 acqua, soprattutto in estate - ASM Onlus<\/title>\n<meta name=\"robots\" content=\"index, follow, max-snippet:-1, max-image-preview:large, max-video-preview:-1\" \/>\n<link rel=\"canonical\" href=\"https:\/\/asmonlus.it\/index.php\/2020\/06\/18\/future-mamme-bevete-piu-acqua-soprattutto-in-estate\/\" \/>\n<meta property=\"og:locale\" content=\"it_IT\" \/>\n<meta property=\"og:type\" content=\"article\" \/>\n<meta property=\"og:title\" content=\"Future mamme, bevete pi\u00f9 acqua, soprattutto in estate - ASM Onlus\" \/>\n<meta property=\"og:description\" content=\"A cura della dott.ssa&nbsp;Roberta Clauser, ginecologa L\u2019acqua \u00e8 il maggiore componente del corpo umano ed \u00e8 vitale per il funzionamento dei nostri organi e per la regolazione della temperatura corporea. La percentuale di acqua contenuta nell\u2019organismo \u00e8 solitamente minore nelle donne che negli uomini e varia con l\u2019et\u00e0: nei neonati \u00e8 del 75% circa, mentre [&hellip;]\" \/>\n<meta property=\"og:url\" content=\"https:\/\/asmonlus.it\/index.php\/2020\/06\/18\/future-mamme-bevete-piu-acqua-soprattutto-in-estate\/\" \/>\n<meta property=\"og:site_name\" content=\"ASM Onlus\" \/>\n<meta property=\"article:publisher\" content=\"https:\/\/www.facebook.com\/ASM-ONLUS-Associazione-Italiana-Studio-Malformazioni-234922936565638\" \/>\n<meta property=\"article:published_time\" content=\"2020-06-18T11:18:14+00:00\" \/>\n<meta property=\"article:modified_time\" content=\"2020-10-12T13:05:40+00:00\" \/>\n<meta property=\"og:image\" content=\"https:\/\/asmonlus.it\/wp-content\/uploads\/2020\/07\/Future-mamme-bevete-pi\u00f9-acqua-in-estate-min-scaled.jpg\" \/>\n\t<meta property=\"og:image:width\" content=\"1440\" \/>\n\t<meta property=\"og:image:height\" content=\"2560\" \/>\n\t<meta property=\"og:image:type\" content=\"image\/jpeg\" \/>\n<meta name=\"author\" content=\"Asm Onlus\" \/>\n<meta name=\"twitter:card\" content=\"summary_large_image\" \/>\n<meta name=\"twitter:label1\" content=\"Scritto da\" \/>\n\t<meta name=\"twitter:data1\" content=\"Asm Onlus\" \/>\n\t<meta name=\"twitter:label2\" content=\"Tempo di lettura stimato\" \/>\n\t<meta name=\"twitter:data2\" content=\"4 minuti\" \/>\n<script type=\"application\/ld+json\" class=\"yoast-schema-graph\">{\"@context\":\"https:\/\/schema.org\",\"@graph\":[{\"@type\":\"Article\",\"@id\":\"https:\/\/asmonlus.it\/index.php\/2020\/06\/18\/future-mamme-bevete-piu-acqua-soprattutto-in-estate\/#article\",\"isPartOf\":{\"@id\":\"https:\/\/asmonlus.it\/index.php\/2020\/06\/18\/future-mamme-bevete-piu-acqua-soprattutto-in-estate\/\"},\"author\":{\"name\":\"Asm Onlus\",\"@id\":\"http:\/\/asmonlus.it\/#\/schema\/person\/9554dbd9fff4d897db0eaf778f4803c1\"},\"headline\":\"Future mamme, bevete pi\u00f9 acqua, soprattutto in estate\",\"datePublished\":\"2020-06-18T11:18:14+00:00\",\"dateModified\":\"2020-10-12T13:05:40+00:00\",\"mainEntityOfPage\":{\"@id\":\"https:\/\/asmonlus.it\/index.php\/2020\/06\/18\/future-mamme-bevete-piu-acqua-soprattutto-in-estate\/\"},\"wordCount\":899,\"publisher\":{\"@id\":\"http:\/\/asmonlus.it\/#organization\"},\"keywords\":[\"Caldo e gravidanza\",\"Disidratazione\",\"Fabbisogno di acqua e sali minerali\",\"Idratazione in gravidanza\"],\"articleSection\":[\"Dai nostri medici per saperne di pi\u00f9\"],\"inLanguage\":\"it-IT\"},{\"@type\":\"WebPage\",\"@id\":\"https:\/\/asmonlus.it\/index.php\/2020\/06\/18\/future-mamme-bevete-piu-acqua-soprattutto-in-estate\/\",\"url\":\"https:\/\/asmonlus.it\/index.php\/2020\/06\/18\/future-mamme-bevete-piu-acqua-soprattutto-in-estate\/\",\"name\":\"Future mamme, bevete pi\u00f9 acqua, soprattutto in estate - ASM Onlus\",\"isPartOf\":{\"@id\":\"http:\/\/asmonlus.it\/#website\"},\"datePublished\":\"2020-06-18T11:18:14+00:00\",\"dateModified\":\"2020-10-12T13:05:40+00:00\",\"breadcrumb\":{\"@id\":\"https:\/\/asmonlus.it\/index.php\/2020\/06\/18\/future-mamme-bevete-piu-acqua-soprattutto-in-estate\/#breadcrumb\"},\"inLanguage\":\"it-IT\",\"potentialAction\":[{\"@type\":\"ReadAction\",\"target\":[\"https:\/\/asmonlus.it\/index.php\/2020\/06\/18\/future-mamme-bevete-piu-acqua-soprattutto-in-estate\/\"]}]},{\"@type\":\"BreadcrumbList\",\"@id\":\"https:\/\/asmonlus.it\/index.php\/2020\/06\/18\/future-mamme-bevete-piu-acqua-soprattutto-in-estate\/#breadcrumb\",\"itemListElement\":[{\"@type\":\"ListItem\",\"position\":1,\"name\":\"Home\",\"item\":\"http:\/\/asmonlus.it\/\"},{\"@type\":\"ListItem\",\"position\":2,\"name\":\"Future mamme, bevete pi\u00f9 acqua, soprattutto in estate\"}]},{\"@type\":\"WebSite\",\"@id\":\"http:\/\/asmonlus.it\/#website\",\"url\":\"http:\/\/asmonlus.it\/\",\"name\":\"ASM Onlus\",\"description\":\"\",\"publisher\":{\"@id\":\"http:\/\/asmonlus.it\/#organization\"},\"potentialAction\":[{\"@type\":\"SearchAction\",\"target\":{\"@type\":\"EntryPoint\",\"urlTemplate\":\"http:\/\/asmonlus.it\/?s={search_term_string}\"},\"query-input\":\"required name=search_term_string\"}],\"inLanguage\":\"it-IT\"},{\"@type\":\"Organization\",\"@id\":\"http:\/\/asmonlus.it\/#organization\",\"name\":\"ASM Onlus\",\"url\":\"http:\/\/asmonlus.it\/\",\"logo\":{\"@type\":\"ImageObject\",\"inLanguage\":\"it-IT\",\"@id\":\"http:\/\/asmonlus.it\/#\/schema\/logo\/image\/\",\"url\":\"http:\/\/asmonlus.it\/wp-content\/uploads\/2019\/03\/image.png\",\"contentUrl\":\"http:\/\/asmonlus.it\/wp-content\/uploads\/2019\/03\/image.png\",\"width\":220,\"height\":220,\"caption\":\"ASM Onlus\"},\"image\":{\"@id\":\"http:\/\/asmonlus.it\/#\/schema\/logo\/image\/\"},\"sameAs\":[\"https:\/\/www.facebook.com\/ASM-ONLUS-Associazione-Italiana-Studio-Malformazioni-234922936565638\",\"https:\/\/www.instagram.com\/asmonlus.it\",\"https:\/\/www.youtube.com\/channel\/UCHy1ALeK8g71u_JVC9mcvWQ\"]},{\"@type\":\"Person\",\"@id\":\"http:\/\/asmonlus.it\/#\/schema\/person\/9554dbd9fff4d897db0eaf778f4803c1\",\"name\":\"Asm Onlus\",\"image\":{\"@type\":\"ImageObject\",\"inLanguage\":\"it-IT\",\"@id\":\"http:\/\/asmonlus.it\/#\/schema\/person\/image\/\",\"url\":\"http:\/\/2.gravatar.com\/avatar\/e329b9a3d2d3bccddfec26fe1f54d72b?s=96&d=mm&r=g\",\"contentUrl\":\"http:\/\/2.gravatar.com\/avatar\/e329b9a3d2d3bccddfec26fe1f54d72b?s=96&d=mm&r=g\",\"caption\":\"Asm Onlus\"},\"url\":\"http:\/\/asmonlus.it\/index.php\/author\/stefanozulianhotmail-com\/\"}]}<\/script>\n<!-- \/ Yoast SEO plugin. -->","yoast_head_json":{"title":"Future mamme, bevete pi\u00f9 acqua, soprattutto in estate - ASM Onlus","robots":{"index":"index","follow":"follow","max-snippet":"max-snippet:-1","max-image-preview":"max-image-preview:large","max-video-preview":"max-video-preview:-1"},"canonical":"https:\/\/asmonlus.it\/index.php\/2020\/06\/18\/future-mamme-bevete-piu-acqua-soprattutto-in-estate\/","og_locale":"it_IT","og_type":"article","og_title":"Future mamme, bevete pi\u00f9 acqua, soprattutto in estate - ASM Onlus","og_description":"A cura della dott.ssa&nbsp;Roberta Clauser, ginecologa L\u2019acqua \u00e8 il maggiore componente del corpo umano ed \u00e8 vitale per il funzionamento dei nostri organi e per la regolazione della temperatura corporea. La percentuale di acqua contenuta nell\u2019organismo \u00e8 solitamente minore nelle donne che negli uomini e varia con l\u2019et\u00e0: nei neonati \u00e8 del 75% circa, mentre [&hellip;]","og_url":"https:\/\/asmonlus.it\/index.php\/2020\/06\/18\/future-mamme-bevete-piu-acqua-soprattutto-in-estate\/","og_site_name":"ASM Onlus","article_publisher":"https:\/\/www.facebook.com\/ASM-ONLUS-Associazione-Italiana-Studio-Malformazioni-234922936565638","article_published_time":"2020-06-18T11:18:14+00:00","article_modified_time":"2020-10-12T13:05:40+00:00","og_image":[{"width":1440,"height":2560,"url":"https:\/\/asmonlus.it\/wp-content\/uploads\/2020\/07\/Future-mamme-bevete-pi\u00f9-acqua-in-estate-min-scaled.jpg","type":"image\/jpeg"}],"author":"Asm Onlus","twitter_card":"summary_large_image","twitter_misc":{"Scritto da":"Asm Onlus","Tempo di lettura stimato":"4 minuti"},"schema":{"@context":"https:\/\/schema.org","@graph":[{"@type":"Article","@id":"https:\/\/asmonlus.it\/index.php\/2020\/06\/18\/future-mamme-bevete-piu-acqua-soprattutto-in-estate\/#article","isPartOf":{"@id":"https:\/\/asmonlus.it\/index.php\/2020\/06\/18\/future-mamme-bevete-piu-acqua-soprattutto-in-estate\/"},"author":{"name":"Asm Onlus","@id":"http:\/\/asmonlus.it\/#\/schema\/person\/9554dbd9fff4d897db0eaf778f4803c1"},"headline":"Future mamme, bevete pi\u00f9 acqua, soprattutto in estate","datePublished":"2020-06-18T11:18:14+00:00","dateModified":"2020-10-12T13:05:40+00:00","mainEntityOfPage":{"@id":"https:\/\/asmonlus.it\/index.php\/2020\/06\/18\/future-mamme-bevete-piu-acqua-soprattutto-in-estate\/"},"wordCount":899,"publisher":{"@id":"http:\/\/asmonlus.it\/#organization"},"keywords":["Caldo e gravidanza","Disidratazione","Fabbisogno di acqua e sali minerali","Idratazione in gravidanza"],"articleSection":["Dai nostri medici per saperne di pi\u00f9"],"inLanguage":"it-IT"},{"@type":"WebPage","@id":"https:\/\/asmonlus.it\/index.php\/2020\/06\/18\/future-mamme-bevete-piu-acqua-soprattutto-in-estate\/","url":"https:\/\/asmonlus.it\/index.php\/2020\/06\/18\/future-mamme-bevete-piu-acqua-soprattutto-in-estate\/","name":"Future mamme, bevete pi\u00f9 acqua, soprattutto in estate - ASM Onlus","isPartOf":{"@id":"http:\/\/asmonlus.it\/#website"},"datePublished":"2020-06-18T11:18:14+00:00","dateModified":"2020-10-12T13:05:40+00:00","breadcrumb":{"@id":"https:\/\/asmonlus.it\/index.php\/2020\/06\/18\/future-mamme-bevete-piu-acqua-soprattutto-in-estate\/#breadcrumb"},"inLanguage":"it-IT","potentialAction":[{"@type":"ReadAction","target":["https:\/\/asmonlus.it\/index.php\/2020\/06\/18\/future-mamme-bevete-piu-acqua-soprattutto-in-estate\/"]}]},{"@type":"BreadcrumbList","@id":"https:\/\/asmonlus.it\/index.php\/2020\/06\/18\/future-mamme-bevete-piu-acqua-soprattutto-in-estate\/#breadcrumb","itemListElement":[{"@type":"ListItem","position":1,"name":"Home","item":"http:\/\/asmonlus.it\/"},{"@type":"ListItem","position":2,"name":"Future mamme, bevete pi\u00f9 acqua, soprattutto in estate"}]},{"@type":"WebSite","@id":"http:\/\/asmonlus.it\/#website","url":"http:\/\/asmonlus.it\/","name":"ASM Onlus","description":"","publisher":{"@id":"http:\/\/asmonlus.it\/#organization"},"potentialAction":[{"@type":"SearchAction","target":{"@type":"EntryPoint","urlTemplate":"http:\/\/asmonlus.it\/?s={search_term_string}"},"query-input":"required name=search_term_string"}],"inLanguage":"it-IT"},{"@type":"Organization","@id":"http:\/\/asmonlus.it\/#organization","name":"ASM Onlus","url":"http:\/\/asmonlus.it\/","logo":{"@type":"ImageObject","inLanguage":"it-IT","@id":"http:\/\/asmonlus.it\/#\/schema\/logo\/image\/","url":"http:\/\/asmonlus.it\/wp-content\/uploads\/2019\/03\/image.png","contentUrl":"http:\/\/asmonlus.it\/wp-content\/uploads\/2019\/03\/image.png","width":220,"height":220,"caption":"ASM Onlus"},"image":{"@id":"http:\/\/asmonlus.it\/#\/schema\/logo\/image\/"},"sameAs":["https:\/\/www.facebook.com\/ASM-ONLUS-Associazione-Italiana-Studio-Malformazioni-234922936565638","https:\/\/www.instagram.com\/asmonlus.it","https:\/\/www.youtube.com\/channel\/UCHy1ALeK8g71u_JVC9mcvWQ"]},{"@type":"Person","@id":"http:\/\/asmonlus.it\/#\/schema\/person\/9554dbd9fff4d897db0eaf778f4803c1","name":"Asm Onlus","image":{"@type":"ImageObject","inLanguage":"it-IT","@id":"http:\/\/asmonlus.it\/#\/schema\/person\/image\/","url":"http:\/\/2.gravatar.com\/avatar\/e329b9a3d2d3bccddfec26fe1f54d72b?s=96&d=mm&r=g","contentUrl":"http:\/\/2.gravatar.com\/avatar\/e329b9a3d2d3bccddfec26fe1f54d72b?s=96&d=mm&r=g","caption":"Asm Onlus"},"url":"http:\/\/asmonlus.it\/index.php\/author\/stefanozulianhotmail-com\/"}]}},"_links":{"self":[{"href":"http:\/\/asmonlus.it\/index.php\/wp-json\/wp\/v2\/posts\/945"}],"collection":[{"href":"http:\/\/asmonlus.it\/index.php\/wp-json\/wp\/v2\/posts"}],"about":[{"href":"http:\/\/asmonlus.it\/index.php\/wp-json\/wp\/v2\/types\/post"}],"author":[{"embeddable":true,"href":"http:\/\/asmonlus.it\/index.php\/wp-json\/wp\/v2\/users\/6"}],"replies":[{"embeddable":true,"href":"http:\/\/asmonlus.it\/index.php\/wp-json\/wp\/v2\/comments?post=945"}],"version-history":[{"count":19,"href":"http:\/\/asmonlus.it\/index.php\/wp-json\/wp\/v2\/posts\/945\/revisions"}],"predecessor-version":[{"id":1276,"href":"http:\/\/asmonlus.it\/index.php\/wp-json\/wp\/v2\/posts\/945\/revisions\/1276"}],"wp:featuredmedia":[{"embeddable":true,"href":"http:\/\/asmonlus.it\/index.php\/wp-json\/wp\/v2\/media\/1006"}],"wp:attachment":[{"href":"http:\/\/asmonlus.it\/index.php\/wp-json\/wp\/v2\/media?parent=945"}],"wp:term":[{"taxonomy":"category","embeddable":true,"href":"http:\/\/asmonlus.it\/index.php\/wp-json\/wp\/v2\/categories?post=945"},{"taxonomy":"post_tag","embeddable":true,"href":"http:\/\/asmonlus.it\/index.php\/wp-json\/wp\/v2\/tags?post=945"}],"curies":[{"name":"wp","href":"https:\/\/api.w.org\/{rel}","templated":true}]}}